{"id":4936,"date":"2022-06-21T11:46:58","date_gmt":"2022-06-21T10:46:58","guid":{"rendered":"https:\/\/franclau.com\/blog\/4-fases-para-crear-tu-estrategia-de-social-media\/"},"modified":"2024-04-22T10:20:32","modified_gmt":"2024-04-22T09:20:32","slug":"4-phases-pour-creer-votre-strategie-de-medias-sociaux","status":"publish","type":"post","link":"https:\/\/franclau.com\/fr\/blog\/4-phases-pour-creer-votre-strategie-de-medias-sociaux\/","title":{"rendered":"4 phases pour cr\u00e9er votre strat\u00e9gie de m\u00e9dias sociaux"},"content":{"rendered":"<p>La valeur que repr\u00e9sentent les r\u00e9seaux sociaux pour les entreprises et leurs marques est en constante croissance, c&rsquo;est donc une t\u00e2che fondamentale pour chaque entreprise de ne pas les ignorer.<\/p>\n<p>Le plus compliqu\u00e9 dans ce domaine n&rsquo;est pas d&rsquo;avoir un plan marketing parfait \u00e0 port\u00e9e de main, mais plut\u00f4t que les t\u00e2ches fondamentales des <strong>m\u00e9dias sociaux<\/strong> (attirer les clients, interagir avec eux et savoir comment y r\u00e9agir) soient ad\u00e9quates. .<\/p>\n<p>Au niveau des utilisateurs, les r\u00e9seaux sociaux ne posent pas de grandes difficult\u00e9s. C&rsquo;est en le portant au niveau professionnel, avec la mise en \u0153uvre de plans efficaces, que cela peut devenir plus complexe.<\/p>\n<p>Nous devons penser que nous allons cesser d&rsquo;utiliser les r\u00e9seaux comme un passe-temps et qu&rsquo;ils vont devenir un \u00e9l\u00e9ment fondamental de la strat\u00e9gie marketing de notre entreprise.<\/p>\n<p><a href=\"https:\/\/franclau.com\/fr\/agence-de-medias-sociaux\/\"><img fetchpriority=\"high\" decoding=\"async\" class=\"aligncenter wp-image-3290\" src=\"https:\/\/franclau.com\/wp-content\/uploads\/2022\/06\/11.jpg\" alt=\"\" width=\"500\" height=\"498\" srcset=\"https:\/\/franclau.com\/wp-content\/uploads\/2022\/06\/11.jpg 860w, https:\/\/franclau.com\/wp-content\/uploads\/2022\/06\/11-300x300.jpg 300w, https:\/\/franclau.com\/wp-content\/uploads\/2022\/06\/11-150x150.jpg 150w, https:\/\/franclau.com\/wp-content\/uploads\/2022\/06\/11-768x764.jpg 768w\" sizes=\"(max-width: 500px) 100vw, 500px\" \/><\/a><\/p>\n<p>&nbsp;<\/p>\n<p>L&rsquo;adoption de <strong>strat\u00e9gies de marketing des m\u00e9dias sociaux<\/strong> n&rsquo;est pas seulement une option pour les entreprises, mais est devenue essentielle, chaque jour de nouvelles \u00e9tudes sont publi\u00e9es qui d\u00e9montrent l&rsquo;impact que les m\u00e9dias sociaux ont sur les utilisateurs et sur leur mani\u00e8re de choisir et consommer un produit ou un service.<\/p>\n<p>Comment commencer \u00e0 r\u00e9fl\u00e9chir \u00e0 votre <a href=\"https:\/\/franclau.com\/fr\/agence-de-medias-sociaux\/\"><strong>Strat\u00e9gie Social Media<\/strong><\/a>\u00a0? Nous proposons ces 4 phases importantes :<\/p>\n<p>&nbsp;<\/p>\n<p>&nbsp;<\/p>\n<h2><strong>Premi\u00e8re phase\u00a0: Fixez vos objectifs<\/strong><\/h2>\n<p><a href=\"https:\/\/franclau.com\/fr\/agence-de-medias-sociaux\/\"><img decoding=\"async\" class=\"aligncenter wp-image-3286\" src=\"https:\/\/franclau.com\/wp-content\/uploads\/2022\/06\/1.jpg\" alt=\"\" width=\"500\" height=\"500\" srcset=\"https:\/\/franclau.com\/wp-content\/uploads\/2022\/06\/1.jpg 860w, https:\/\/franclau.com\/wp-content\/uploads\/2022\/06\/1-300x300.jpg 300w, https:\/\/franclau.com\/wp-content\/uploads\/2022\/06\/1-150x150.jpg 150w, https:\/\/franclau.com\/wp-content\/uploads\/2022\/06\/1-768x768.jpg 768w\" sizes=\"(max-width: 500px) 100vw, 500px\" \/><\/a><\/p>\n<p>La premi\u00e8re chose \u00e0 fixer, ce sont les <strong>objectifs<\/strong>.<\/p>\n<p>Bien qu&rsquo;il existe un objectif g\u00e9n\u00e9ral pour l&rsquo;entit\u00e9, auquel sont soumises toutes les initiatives \u00e9manant de quelque d\u00e9partement que ce soit, il est fortement conseill\u00e9 de doter chaque campagne d&rsquo;objectifs sp\u00e9cifiques par niveau.<\/p>\n<p>&nbsp;<\/p>\n<p>&nbsp;<\/p>\n<h2><strong>Deuxi\u00e8me phase\u00a0: Audit interne et externe<\/strong><\/h2>\n<p><a href=\"https:\/\/franclau.com\/fr\/agence-de-medias-sociaux\/\"><img decoding=\"async\" class=\"aligncenter wp-image-3287\" src=\"https:\/\/franclau.com\/wp-content\/uploads\/2022\/06\/2.jpg\" alt=\"\" width=\"500\" height=\"501\" srcset=\"https:\/\/franclau.com\/wp-content\/uploads\/2022\/06\/2.jpg 858w, https:\/\/franclau.com\/wp-content\/uploads\/2022\/06\/2-300x300.jpg 300w, https:\/\/franclau.com\/wp-content\/uploads\/2022\/06\/2-150x150.jpg 150w, https:\/\/franclau.com\/wp-content\/uploads\/2022\/06\/2-768x769.jpg 768w\" sizes=\"(max-width: 500px) 100vw, 500px\" \/><\/a><\/p>\n<p>Avant de lancer une campagne sur les r\u00e9seaux sociaux, il est fortement recommand\u00e9 de faire une recherche sur Internet pour voir ce qui se dit de nous, de notre secteur et m\u00eame de nos concurrents.<\/p>\n<p>Les r\u00e9seaux sociaux comme Twitter ou Facebook et tout l&rsquo;univers des blogs sur Internet seront tr\u00e8s utiles comme source de connaissances.<\/p>\n<p>&nbsp;<\/p>\n<p>&nbsp;<\/p>\n<h2><strong>Troisi\u00e8me phase\u00a0: O\u00f9 \u00eatre pr\u00e9sent\u00a0?<\/strong><\/h2>\n<p><a href=\"https:\/\/franclau.com\/fr\/agence-de-medias-sociaux\/\"><img loading=\"lazy\" decoding=\"async\" class=\"aligncenter wp-image-3288\" src=\"https:\/\/franclau.com\/wp-content\/uploads\/2022\/06\/3.jpg\" alt=\"\" width=\"500\" height=\"501\" srcset=\"https:\/\/franclau.com\/wp-content\/uploads\/2022\/06\/3.jpg 857w, https:\/\/franclau.com\/wp-content\/uploads\/2022\/06\/3-300x300.jpg 300w, https:\/\/franclau.com\/wp-content\/uploads\/2022\/06\/3-150x150.jpg 150w, https:\/\/franclau.com\/wp-content\/uploads\/2022\/06\/3-768x770.jpg 768w\" sizes=\"(max-width: 500px) 100vw, 500px\" \/><\/a><\/p>\n<p>Nous devons choisir de mani\u00e8re appropri\u00e9e o\u00f9 et comment appara\u00eetre dans les diff\u00e9rents m\u00e9dias num\u00e9riques.<\/p>\n<p>Il faut d\u00e9cider qui participera \u00e0 chacun d&rsquo;eux : ce sera une voix individuelle et r\u00e9elle, ce sera l&rsquo;entreprise ou une voix sans personnalit\u00e9 qui repr\u00e9sente l&rsquo;entreprise.<\/p>\n<p>Une pr\u00e9sence active sur les r\u00e9seaux sociaux demande du temps et le grand nombre de m\u00e9dias disponibles nous rend totalement impossible de tous les couvrir.<\/p>\n<p>L&rsquo;\u00e9tablissement de protocoles d&rsquo;action pour sauvegarder l&rsquo;image de l&rsquo;entreprise nous aidera \u00e0 standardiser la pr\u00e9sence en ligne.<\/p>\n<p>&nbsp;<\/p>\n<p>&nbsp;<\/p>\n<h2><strong>Quatri\u00e8me phase\u00a0: Calendrier de contenu<\/strong><\/h2>\n<p><a href=\"https:\/\/franclau.com\/fr\/agence-de-medias-sociaux\/\"><img loading=\"lazy\" decoding=\"async\" class=\"aligncenter wp-image-3289\" src=\"https:\/\/franclau.com\/wp-content\/uploads\/2022\/06\/4.jpg\" alt=\"\" width=\"500\" height=\"501\" srcset=\"https:\/\/franclau.com\/wp-content\/uploads\/2022\/06\/4.jpg 857w, https:\/\/franclau.com\/wp-content\/uploads\/2022\/06\/4-300x300.jpg 300w, https:\/\/franclau.com\/wp-content\/uploads\/2022\/06\/4-150x150.jpg 150w, https:\/\/franclau.com\/wp-content\/uploads\/2022\/06\/4-768x770.jpg 768w\" sizes=\"(max-width: 500px) 100vw, 500px\" \/><\/a><\/p>\n<p>Enfin, nous devons \u00e9tablir un calendrier d&rsquo;action et de contr\u00f4le du plan con\u00e7u, afin de contr\u00f4ler et d&rsquo;attribuer les t\u00e2ches planifi\u00e9es aux diff\u00e9rents agents impliqu\u00e9s dans le plan de campagne sur les r\u00e9seaux sociaux.<\/p>\n<p>Une fois le travail pr\u00e9c\u00e9dent effectu\u00e9, il est temps de passer \u00e0 l&rsquo;action pour mesurer et agir \u00e0 nouveau avec les retours d&rsquo;exp\u00e9rience obtenus lors des mesures et des \u00e9coutes sur le r\u00e9seau.<\/p>\n<p>&nbsp;<\/p>\n<p>En r\u00e9sum\u00e9 : strat\u00e9gie, design, connaissance du monde digital, savoir interagir et se connecter, si vous r\u00e9pondez \u00e0 ces caract\u00e9ristiques, vous aurez s\u00fbrement d\u00e9j\u00e0 r\u00e9alis\u00e9 cette d\u00e9marche avec facilit\u00e9, mais sinon&#8230; Pensez-vous avoir besoin de plus de conseils ? <strong>Si vous avez besoin de nous pour vous conseiller sur votre <a href=\"https:\/\/franclau.com\/fr\/agence-de-medias-sociaux\/\">forfait Social Media<\/a><\/strong> ou pour pour travailler ensemble, vous pouvez demander un rendez-vous pour d\u00e9buter ou progresser dans le monde des r\u00e9seaux sociaux. <a href=\"https:\/\/franclau.com\/contacto\/\"><strong>Contactez-nous<\/strong> <\/a>et nous vous conseillerons depuis notre <a href=\"https:\/\/franclau.com\/ fr\/ agence-de-medias-sociaux\/\"><strong>Agence Social Media<\/strong><\/a> !<\/p>\n<p><a href=\"https:\/\/franclau.com\/fr\/agence-de-medias-sociaux\/\"><img loading=\"lazy\" decoding=\"async\" class=\"aligncenter wp-image-3292\" src=\"https:\/\/franclau.com\/wp-content\/uploads\/2022\/06\/12.jpg\" alt=\"\" width=\"500\" height=\"502\" srcset=\"https:\/\/franclau.com\/wp-content\/uploads\/2022\/06\/12.jpg 859w, https:\/\/franclau.com\/wp-content\/uploads\/2022\/06\/12-300x300.jpg 300w, https:\/\/franclau.com\/wp-content\/uploads\/2022\/06\/12-150x150.jpg 150w, https:\/\/franclau.com\/wp-content\/uploads\/2022\/06\/12-768x772.jpg 768w\" sizes=\"(max-width: 500px) 100vw, 500px\" \/><\/a><\/p>\n","protected":false},"excerpt":{"rendered":"<p>La valeur que repr\u00e9sentent les r\u00e9seaux sociaux pour les entreprises et leurs marques est en constante croissance, c&rsquo;est donc une t\u00e2che fondamentale pour chaque entreprise de ne pas les ignorer. Le plus compliqu\u00e9 dans ce domaine n&rsquo;est pas d&rsquo;avoir un plan marketing parfait \u00e0 port\u00e9e de main, mais plut\u00f4t que les t\u00e2ches fondamentales des m\u00e9dias &#8230; <a title=\"4 phases pour cr\u00e9er votre strat\u00e9gie de m\u00e9dias sociaux\" class=\"read-more\" href=\"https:\/\/franclau.com\/fr\/blog\/4-phases-pour-creer-votre-strategie-de-medias-sociaux\/\" aria-label=\"En savoir plus sur 4 phases pour cr\u00e9er votre strat\u00e9gie de m\u00e9dias sociaux\">Leer m\u00e1s<\/a><\/p>\n","protected":false},"author":2,"featured_media":9090,"comment_status":"closed","ping_status":"closed","sticky":false,"template":"","format":"standard","meta":{"footnotes":""},"categories":[62],"tags":[],"class_list":["post-4936","post","type-post","status-publish","format-standard","has-post-thumbnail","hentry","category-reseaux-sociaux"],"yoast_head":"<!-- This site is optimized with the Yoast SEO plugin v27.5 - https:\/\/yoast.com\/product\/yoast-seo-wordpress\/ -->\n<title>\u2705 4 phases pour cr\u00e9er votre strat\u00e9gie de m\u00e9dias sociaux | Agence de marketing en ligne | Fran&amp;Clau<\/title>\n<meta name=\"description\" content=\"La valeur que repr\u00e9sentent les r\u00e9seaux sociaux pour les entreprises est en constante croissance et il est essentiel pour chaque entreprise de ne pas oublier la partie Social Media. Entre dans!\" \/>\n<meta name=\"robots\" content=\"index, follow, max-snippet:-1, max-image-preview:large, max-video-preview:-1\" \/>\n<link rel=\"canonical\" href=\"https:\/\/franclau.com\/fr\/blog\/4-phases-pour-creer-votre-strategie-de-medias-sociaux\/\" \/>\n<meta property=\"og:locale\" content=\"fr_FR\" \/>\n<meta property=\"og:type\" content=\"article\" \/>\n<meta property=\"og:title\" content=\"\u2705 4 phases pour cr\u00e9er votre strat\u00e9gie de m\u00e9dias sociaux | Agence de marketing en ligne | Fran&amp;Clau\" \/>\n<meta property=\"og:description\" content=\"La valeur que repr\u00e9sentent les r\u00e9seaux sociaux pour les entreprises est en constante croissance et il est essentiel pour chaque entreprise de ne pas oublier la partie Social Media. Entre dans!\" \/>\n<meta property=\"og:url\" content=\"https:\/\/franclau.com\/fr\/blog\/4-phases-pour-creer-votre-strategie-de-medias-sociaux\/\" \/>\n<meta property=\"og:site_name\" content=\"Agencia de Marketing Online | FRAN &amp; CLAU\" \/>\n<meta property=\"article:published_time\" content=\"2022-06-21T10:46:58+00:00\" \/>\n<meta property=\"article:modified_time\" content=\"2024-04-22T09:20:32+00:00\" \/>\n<meta property=\"og:image\" content=\"https:\/\/franclau.com\/wp-content\/uploads\/2022\/06\/social-media.jpg\" \/>\n\t<meta property=\"og:image:width\" content=\"1820\" \/>\n\t<meta property=\"og:image:height\" content=\"740\" \/>\n\t<meta property=\"og:image:type\" content=\"image\/jpeg\" \/>\n<meta name=\"author\" content=\"Claudia Hern\u00e1ndez Carril\" \/>\n<meta name=\"twitter:card\" content=\"summary_large_image\" \/>\n<meta name=\"twitter:label1\" content=\"\u00c9crit par\" \/>\n\t<meta name=\"twitter:data1\" content=\"Claudia Hern\u00e1ndez Carril\" \/>\n\t<meta name=\"twitter:label2\" content=\"Dur\u00e9e de lecture estim\u00e9e\" \/>\n\t<meta name=\"twitter:data2\" content=\"4 minutes\" \/>\n<script type=\"application\/ld+json\" class=\"yoast-schema-graph\">{\"@context\":\"https:\\\/\\\/schema.org\",\"@graph\":[{\"@type\":\"Article\",\"@id\":\"https:\\\/\\\/franclau.com\\\/fr\\\/blog\\\/4-phases-pour-creer-votre-strategie-de-medias-sociaux\\\/#article\",\"isPartOf\":{\"@id\":\"https:\\\/\\\/franclau.com\\\/fr\\\/blog\\\/4-phases-pour-creer-votre-strategie-de-medias-sociaux\\\/\"},\"author\":{\"name\":\"Claudia Hern\u00e1ndez Carril\",\"@id\":\"https:\\\/\\\/franclau.com\\\/fr\\\/#\\\/schema\\\/person\\\/40f5e9dca14c33ed0dfef416faa8869e\"},\"headline\":\"4 phases pour cr\u00e9er votre strat\u00e9gie de m\u00e9dias sociaux\",\"datePublished\":\"2022-06-21T10:46:58+00:00\",\"dateModified\":\"2024-04-22T09:20:32+00:00\",\"mainEntityOfPage\":{\"@id\":\"https:\\\/\\\/franclau.com\\\/fr\\\/blog\\\/4-phases-pour-creer-votre-strategie-de-medias-sociaux\\\/\"},\"wordCount\":653,\"publisher\":{\"@id\":\"https:\\\/\\\/franclau.com\\\/fr\\\/#organization\"},\"image\":{\"@id\":\"https:\\\/\\\/franclau.com\\\/fr\\\/blog\\\/4-phases-pour-creer-votre-strategie-de-medias-sociaux\\\/#primaryimage\"},\"thumbnailUrl\":\"https:\\\/\\\/franclau.com\\\/wp-content\\\/uploads\\\/2022\\\/06\\\/social-media.jpg\",\"articleSection\":[\"R\u00e9seaux sociaux\"],\"inLanguage\":\"fr-FR\"},{\"@type\":\"WebPage\",\"@id\":\"https:\\\/\\\/franclau.com\\\/fr\\\/blog\\\/4-phases-pour-creer-votre-strategie-de-medias-sociaux\\\/\",\"url\":\"https:\\\/\\\/franclau.com\\\/fr\\\/blog\\\/4-phases-pour-creer-votre-strategie-de-medias-sociaux\\\/\",\"name\":\"\u2705 4 phases pour cr\u00e9er votre strat\u00e9gie de m\u00e9dias sociaux | Agence de marketing en ligne | Fran&Clau\",\"isPartOf\":{\"@id\":\"https:\\\/\\\/franclau.com\\\/fr\\\/#website\"},\"primaryImageOfPage\":{\"@id\":\"https:\\\/\\\/franclau.com\\\/fr\\\/blog\\\/4-phases-pour-creer-votre-strategie-de-medias-sociaux\\\/#primaryimage\"},\"image\":{\"@id\":\"https:\\\/\\\/franclau.com\\\/fr\\\/blog\\\/4-phases-pour-creer-votre-strategie-de-medias-sociaux\\\/#primaryimage\"},\"thumbnailUrl\":\"https:\\\/\\\/franclau.com\\\/wp-content\\\/uploads\\\/2022\\\/06\\\/social-media.jpg\",\"datePublished\":\"2022-06-21T10:46:58+00:00\",\"dateModified\":\"2024-04-22T09:20:32+00:00\",\"description\":\"La valeur que repr\u00e9sentent les r\u00e9seaux sociaux pour les entreprises est en constante croissance et il est essentiel pour chaque entreprise de ne pas oublier la partie Social Media. Entre dans!\",\"breadcrumb\":{\"@id\":\"https:\\\/\\\/franclau.com\\\/fr\\\/blog\\\/4-phases-pour-creer-votre-strategie-de-medias-sociaux\\\/#breadcrumb\"},\"inLanguage\":\"fr-FR\",\"potentialAction\":[{\"@type\":\"ReadAction\",\"target\":[\"https:\\\/\\\/franclau.com\\\/fr\\\/blog\\\/4-phases-pour-creer-votre-strategie-de-medias-sociaux\\\/\"]}]},{\"@type\":\"ImageObject\",\"inLanguage\":\"fr-FR\",\"@id\":\"https:\\\/\\\/franclau.com\\\/fr\\\/blog\\\/4-phases-pour-creer-votre-strategie-de-medias-sociaux\\\/#primaryimage\",\"url\":\"https:\\\/\\\/franclau.com\\\/wp-content\\\/uploads\\\/2022\\\/06\\\/social-media.jpg\",\"contentUrl\":\"https:\\\/\\\/franclau.com\\\/wp-content\\\/uploads\\\/2022\\\/06\\\/social-media.jpg\",\"width\":1820,\"height\":740},{\"@type\":\"BreadcrumbList\",\"@id\":\"https:\\\/\\\/franclau.com\\\/fr\\\/blog\\\/4-phases-pour-creer-votre-strategie-de-medias-sociaux\\\/#breadcrumb\",\"itemListElement\":[{\"@type\":\"ListItem\",\"position\":1,\"name\":\"Portada\",\"item\":\"https:\\\/\\\/franclau.com\\\/fr\\\/\"},{\"@type\":\"ListItem\",\"position\":2,\"name\":\"4 phases pour cr\u00e9er votre strat\u00e9gie de m\u00e9dias sociaux\"}]},{\"@type\":\"WebSite\",\"@id\":\"https:\\\/\\\/franclau.com\\\/fr\\\/#website\",\"url\":\"https:\\\/\\\/franclau.com\\\/fr\\\/\",\"name\":\"Agencia de Marketing Online | FRAN &amp; CLAU\",\"description\":\"\",\"publisher\":{\"@id\":\"https:\\\/\\\/franclau.com\\\/fr\\\/#organization\"},\"potentialAction\":[{\"@type\":\"SearchAction\",\"target\":{\"@type\":\"EntryPoint\",\"urlTemplate\":\"https:\\\/\\\/franclau.com\\\/fr\\\/?s={search_term_string}\"},\"query-input\":{\"@type\":\"PropertyValueSpecification\",\"valueRequired\":true,\"valueName\":\"search_term_string\"}}],\"inLanguage\":\"fr-FR\"},{\"@type\":\"Organization\",\"@id\":\"https:\\\/\\\/franclau.com\\\/fr\\\/#organization\",\"name\":\"Agencia de Marketing Online | FRAN &amp; CLAU\",\"url\":\"https:\\\/\\\/franclau.com\\\/fr\\\/\",\"logo\":{\"@type\":\"ImageObject\",\"inLanguage\":\"fr-FR\",\"@id\":\"https:\\\/\\\/franclau.com\\\/fr\\\/#\\\/schema\\\/logo\\\/image\\\/\",\"url\":\"https:\\\/\\\/franclau.com\\\/wp-content\\\/uploads\\\/2019\\\/11\\\/cropped-Logo-FranyClau.png\",\"contentUrl\":\"https:\\\/\\\/franclau.com\\\/wp-content\\\/uploads\\\/2019\\\/11\\\/cropped-Logo-FranyClau.png\",\"width\":612,\"height\":112,\"caption\":\"Agencia de Marketing Online | FRAN &amp; CLAU\"},\"image\":{\"@id\":\"https:\\\/\\\/franclau.com\\\/fr\\\/#\\\/schema\\\/logo\\\/image\\\/\"}},{\"@type\":\"Person\",\"@id\":\"https:\\\/\\\/franclau.com\\\/fr\\\/#\\\/schema\\\/person\\\/40f5e9dca14c33ed0dfef416faa8869e\",\"name\":\"Claudia Hern\u00e1ndez Carril\",\"image\":{\"@type\":\"ImageObject\",\"inLanguage\":\"fr-FR\",\"@id\":\"https:\\\/\\\/secure.gravatar.com\\\/avatar\\\/f616a17f89d9c1b3ff4253b74823b599dc1d098839d6e479789ae9a3841a6e3b?s=96&d=mm&r=g\",\"url\":\"https:\\\/\\\/secure.gravatar.com\\\/avatar\\\/f616a17f89d9c1b3ff4253b74823b599dc1d098839d6e479789ae9a3841a6e3b?s=96&d=mm&r=g\",\"contentUrl\":\"https:\\\/\\\/secure.gravatar.com\\\/avatar\\\/f616a17f89d9c1b3ff4253b74823b599dc1d098839d6e479789ae9a3841a6e3b?s=96&d=mm&r=g\",\"caption\":\"Claudia Hern\u00e1ndez Carril\"},\"description\":\"Llevo desde 2014 ayudando como Especialista de Marketing Online a todo tipo de tiendas online, tanto a humildes ecommerce como a grandes players, a aumentar no s\u00f3lo su volumen de facturaci\u00f3n y conversiones, sino a mejorar su posicionamiento org\u00e1nico, campa\u00f1as publicitarias en Google Ads y a establecer acciones en base a objetivos y KPIS. Entre mis aficiones est\u00e1 viajar y la m\u00fasica en directo, si son conciertos de rock, mejor.\",\"sameAs\":[\"https:\\\/\\\/www.linkedin.com\\\/in\\\/claudiahernandezcarril\\\/\"],\"url\":\"https:\\\/\\\/franclau.com\\\/fr\\\/blog\\\/author\\\/clauclau\\\/\"}]}<\/script>\n<!-- \/ Yoast SEO plugin. -->","yoast_head_json":{"title":"\u2705 4 phases pour cr\u00e9er votre strat\u00e9gie de m\u00e9dias sociaux | Agence de marketing en ligne | Fran&Clau","description":"La valeur que repr\u00e9sentent les r\u00e9seaux sociaux pour les entreprises est en constante croissance et il est essentiel pour chaque entreprise de ne pas oublier la partie Social Media. Entre dans!","robots":{"index":"index","follow":"follow","max-snippet":"max-snippet:-1","max-image-preview":"max-image-preview:large","max-video-preview":"max-video-preview:-1"},"canonical":"https:\/\/franclau.com\/fr\/blog\/4-phases-pour-creer-votre-strategie-de-medias-sociaux\/","og_locale":"fr_FR","og_type":"article","og_title":"\u2705 4 phases pour cr\u00e9er votre strat\u00e9gie de m\u00e9dias sociaux | Agence de marketing en ligne | Fran&Clau","og_description":"La valeur que repr\u00e9sentent les r\u00e9seaux sociaux pour les entreprises est en constante croissance et il est essentiel pour chaque entreprise de ne pas oublier la partie Social Media. Entre dans!","og_url":"https:\/\/franclau.com\/fr\/blog\/4-phases-pour-creer-votre-strategie-de-medias-sociaux\/","og_site_name":"Agencia de Marketing Online | FRAN &amp; CLAU","article_published_time":"2022-06-21T10:46:58+00:00","article_modified_time":"2024-04-22T09:20:32+00:00","og_image":[{"width":1820,"height":740,"url":"https:\/\/franclau.com\/wp-content\/uploads\/2022\/06\/social-media.jpg","type":"image\/jpeg"}],"author":"Claudia Hern\u00e1ndez Carril","twitter_card":"summary_large_image","twitter_misc":{"\u00c9crit par":"Claudia Hern\u00e1ndez Carril","Dur\u00e9e de lecture estim\u00e9e":"4 minutes"},"schema":{"@context":"https:\/\/schema.org","@graph":[{"@type":"Article","@id":"https:\/\/franclau.com\/fr\/blog\/4-phases-pour-creer-votre-strategie-de-medias-sociaux\/#article","isPartOf":{"@id":"https:\/\/franclau.com\/fr\/blog\/4-phases-pour-creer-votre-strategie-de-medias-sociaux\/"},"author":{"name":"Claudia Hern\u00e1ndez Carril","@id":"https:\/\/franclau.com\/fr\/#\/schema\/person\/40f5e9dca14c33ed0dfef416faa8869e"},"headline":"4 phases pour cr\u00e9er votre strat\u00e9gie de m\u00e9dias sociaux","datePublished":"2022-06-21T10:46:58+00:00","dateModified":"2024-04-22T09:20:32+00:00","mainEntityOfPage":{"@id":"https:\/\/franclau.com\/fr\/blog\/4-phases-pour-creer-votre-strategie-de-medias-sociaux\/"},"wordCount":653,"publisher":{"@id":"https:\/\/franclau.com\/fr\/#organization"},"image":{"@id":"https:\/\/franclau.com\/fr\/blog\/4-phases-pour-creer-votre-strategie-de-medias-sociaux\/#primaryimage"},"thumbnailUrl":"https:\/\/franclau.com\/wp-content\/uploads\/2022\/06\/social-media.jpg","articleSection":["R\u00e9seaux sociaux"],"inLanguage":"fr-FR"},{"@type":"WebPage","@id":"https:\/\/franclau.com\/fr\/blog\/4-phases-pour-creer-votre-strategie-de-medias-sociaux\/","url":"https:\/\/franclau.com\/fr\/blog\/4-phases-pour-creer-votre-strategie-de-medias-sociaux\/","name":"\u2705 4 phases pour cr\u00e9er votre strat\u00e9gie de m\u00e9dias sociaux | Agence de marketing en ligne | Fran&Clau","isPartOf":{"@id":"https:\/\/franclau.com\/fr\/#website"},"primaryImageOfPage":{"@id":"https:\/\/franclau.com\/fr\/blog\/4-phases-pour-creer-votre-strategie-de-medias-sociaux\/#primaryimage"},"image":{"@id":"https:\/\/franclau.com\/fr\/blog\/4-phases-pour-creer-votre-strategie-de-medias-sociaux\/#primaryimage"},"thumbnailUrl":"https:\/\/franclau.com\/wp-content\/uploads\/2022\/06\/social-media.jpg","datePublished":"2022-06-21T10:46:58+00:00","dateModified":"2024-04-22T09:20:32+00:00","description":"La valeur que repr\u00e9sentent les r\u00e9seaux sociaux pour les entreprises est en constante croissance et il est essentiel pour chaque entreprise de ne pas oublier la partie Social Media. Entre dans!","breadcrumb":{"@id":"https:\/\/franclau.com\/fr\/blog\/4-phases-pour-creer-votre-strategie-de-medias-sociaux\/#breadcrumb"},"inLanguage":"fr-FR","potentialAction":[{"@type":"ReadAction","target":["https:\/\/franclau.com\/fr\/blog\/4-phases-pour-creer-votre-strategie-de-medias-sociaux\/"]}]},{"@type":"ImageObject","inLanguage":"fr-FR","@id":"https:\/\/franclau.com\/fr\/blog\/4-phases-pour-creer-votre-strategie-de-medias-sociaux\/#primaryimage","url":"https:\/\/franclau.com\/wp-content\/uploads\/2022\/06\/social-media.jpg","contentUrl":"https:\/\/franclau.com\/wp-content\/uploads\/2022\/06\/social-media.jpg","width":1820,"height":740},{"@type":"BreadcrumbList","@id":"https:\/\/franclau.com\/fr\/blog\/4-phases-pour-creer-votre-strategie-de-medias-sociaux\/#breadcrumb","itemListElement":[{"@type":"ListItem","position":1,"name":"Portada","item":"https:\/\/franclau.com\/fr\/"},{"@type":"ListItem","position":2,"name":"4 phases pour cr\u00e9er votre strat\u00e9gie de m\u00e9dias sociaux"}]},{"@type":"WebSite","@id":"https:\/\/franclau.com\/fr\/#website","url":"https:\/\/franclau.com\/fr\/","name":"Agencia de Marketing Online | FRAN &amp; CLAU","description":"","publisher":{"@id":"https:\/\/franclau.com\/fr\/#organization"},"potentialAction":[{"@type":"SearchAction","target":{"@type":"EntryPoint","urlTemplate":"https:\/\/franclau.com\/fr\/?s={search_term_string}"},"query-input":{"@type":"PropertyValueSpecification","valueRequired":true,"valueName":"search_term_string"}}],"inLanguage":"fr-FR"},{"@type":"Organization","@id":"https:\/\/franclau.com\/fr\/#organization","name":"Agencia de Marketing Online | FRAN &amp; CLAU","url":"https:\/\/franclau.com\/fr\/","logo":{"@type":"ImageObject","inLanguage":"fr-FR","@id":"https:\/\/franclau.com\/fr\/#\/schema\/logo\/image\/","url":"https:\/\/franclau.com\/wp-content\/uploads\/2019\/11\/cropped-Logo-FranyClau.png","contentUrl":"https:\/\/franclau.com\/wp-content\/uploads\/2019\/11\/cropped-Logo-FranyClau.png","width":612,"height":112,"caption":"Agencia de Marketing Online | FRAN &amp; CLAU"},"image":{"@id":"https:\/\/franclau.com\/fr\/#\/schema\/logo\/image\/"}},{"@type":"Person","@id":"https:\/\/franclau.com\/fr\/#\/schema\/person\/40f5e9dca14c33ed0dfef416faa8869e","name":"Claudia Hern\u00e1ndez Carril","image":{"@type":"ImageObject","inLanguage":"fr-FR","@id":"https:\/\/secure.gravatar.com\/avatar\/f616a17f89d9c1b3ff4253b74823b599dc1d098839d6e479789ae9a3841a6e3b?s=96&d=mm&r=g","url":"https:\/\/secure.gravatar.com\/avatar\/f616a17f89d9c1b3ff4253b74823b599dc1d098839d6e479789ae9a3841a6e3b?s=96&d=mm&r=g","contentUrl":"https:\/\/secure.gravatar.com\/avatar\/f616a17f89d9c1b3ff4253b74823b599dc1d098839d6e479789ae9a3841a6e3b?s=96&d=mm&r=g","caption":"Claudia Hern\u00e1ndez Carril"},"description":"Llevo desde 2014 ayudando como Especialista de Marketing Online a todo tipo de tiendas online, tanto a humildes ecommerce como a grandes players, a aumentar no s\u00f3lo su volumen de facturaci\u00f3n y conversiones, sino a mejorar su posicionamiento org\u00e1nico, campa\u00f1as publicitarias en Google Ads y a establecer acciones en base a objetivos y KPIS. Entre mis aficiones est\u00e1 viajar y la m\u00fasica en directo, si son conciertos de rock, mejor.","sameAs":["https:\/\/www.linkedin.com\/in\/claudiahernandezcarril\/"],"url":"https:\/\/franclau.com\/fr\/blog\/author\/clauclau\/"}]}},"_links":{"self":[{"href":"https:\/\/franclau.com\/fr\/wp-json\/wp\/v2\/posts\/4936","targetHints":{"allow":["GET"]}}],"collection":[{"href":"https:\/\/franclau.com\/fr\/wp-json\/wp\/v2\/posts"}],"about":[{"href":"https:\/\/franclau.com\/fr\/wp-json\/wp\/v2\/types\/post"}],"author":[{"embeddable":true,"href":"https:\/\/franclau.com\/fr\/wp-json\/wp\/v2\/users\/2"}],"replies":[{"embeddable":true,"href":"https:\/\/franclau.com\/fr\/wp-json\/wp\/v2\/comments?post=4936"}],"version-history":[{"count":2,"href":"https:\/\/franclau.com\/fr\/wp-json\/wp\/v2\/posts\/4936\/revisions"}],"predecessor-version":[{"id":4945,"href":"https:\/\/franclau.com\/fr\/wp-json\/wp\/v2\/posts\/4936\/revisions\/4945"}],"wp:featuredmedia":[{"embeddable":true,"href":"https:\/\/franclau.com\/fr\/wp-json\/wp\/v2\/media\/9090"}],"wp:attachment":[{"href":"https:\/\/franclau.com\/fr\/wp-json\/wp\/v2\/media?parent=4936"}],"wp:term":[{"taxonomy":"category","embeddable":true,"href":"https:\/\/franclau.com\/fr\/wp-json\/wp\/v2\/categories?post=4936"},{"taxonomy":"post_tag","embeddable":true,"href":"https:\/\/franclau.com\/fr\/wp-json\/wp\/v2\/tags?post=4936"}],"curies":[{"name":"wp","href":"https:\/\/api.w.org\/{rel}","templated":true}]}}